{"id":1091,"date":"2024-11-26T20:02:57","date_gmt":"2024-11-26T19:02:57","guid":{"rendered":"https:\/\/www.nvniederhasli.ch\/?p=1091"},"modified":"2025-02-13T12:09:21","modified_gmt":"2025-02-13T11:09:21","slug":"straeucher-setzen-und-waldrand-strukturieren","status":"publish","type":"post","link":"https:\/\/www.nvniederhasli.ch\/?p=1091","title":{"rendered":"ABSAGE: Str\u00e4ucher setzen und Waldrand strukturieren"},"content":{"rendered":"\n<h2 class=\"wp-block-heading has-vivid-red-color has-text-color has-link-color wp-elements-28a383155af43d3abe8f6344ca1af536\"><strong>Der Anlass am Samstag, 25. Januar 2025<\/strong> ist ABGESAGT worden!<\/h2>\n\n\n\n<p>Es gibt KEIN Ersatzdatum!<\/p>\n\n\n\n<p><s>Ein gestufter und strukturierter Waldrand bietet Lebensraum f\u00fcr eine vielf\u00e4ltige Tier- und Pflanzenwelt. Insekten, V\u00f6gel, Igel, Hasen, Rehe, etc. finden darin Nahrung und Unterschlupf.<\/s><\/p>\n\n\n\n<figure class=\"wp-block-image size-full\"><img loading=\"lazy\" decoding=\"async\" width=\"537\" height=\"711\" src=\"https:\/\/www.nvniederhasli.ch\/wp-content\/uploads\/2024\/11\/Picture-2.jpg\" alt=\"\" class=\"wp-image-1093\" srcset=\"https:\/\/www.nvniederhasli.ch\/wp-content\/uploads\/2024\/11\/Picture-2.jpg 537w, https:\/\/www.nvniederhasli.ch\/wp-content\/uploads\/2024\/11\/Picture-2-227x300.jpg 227w, https:\/\/www.nvniederhasli.ch\/wp-content\/uploads\/2024\/11\/Picture-2-1x1.jpg 1w\" sizes=\"auto, (max-width: 537px) 100vw, 537px\" \/><\/figure>\n\n\n\n<p><s>Unter Anleitung des Revierf\u00f6rsters pflanzen wir im Klein Ibig in Oberhasli Str\u00e4ucher und seltene B\u00e4ume. Je nach Zeit und Arbeitskraft schaffen wir entlang des Waldrands Nischen und offene Stellen und leisten so einen Beitrag f\u00fcr eine naturnahe Umwelt und gr\u00f6ssere Biodiversit\u00e4t.<\/s><\/p>\n\n\n\n<figure class=\"wp-block-image size-full\"><img loading=\"lazy\" decoding=\"async\" width=\"440\" height=\"583\" src=\"https:\/\/www.nvniederhasli.ch\/wp-content\/uploads\/2024\/11\/Picture-3.jpg\" alt=\"\" class=\"wp-image-1094\" srcset=\"https:\/\/www.nvniederhasli.ch\/wp-content\/uploads\/2024\/11\/Picture-3.jpg 440w, https:\/\/www.nvniederhasli.ch\/wp-content\/uploads\/2024\/11\/Picture-3-226x300.jpg 226w, https:\/\/www.nvniederhasli.ch\/wp-content\/uploads\/2024\/11\/Picture-3-1x1.jpg 1w\" sizes=\"auto, (max-width: 440px) 100vw, 440px\" \/><\/figure>\n\n\n\n<p><s>Jede helfende Hand, ob gross oder klein, alt oder jung, die f\u00fcr die Natur etwas Sinnvolles und Handfestes tun will ist herzlich willkommen.<\/s><\/p>\n\n\n\n<h2 class=\"wp-block-heading\">Ausr\u00fcstung<\/h2>\n\n\n\n<p><s>Der Witterung und dem Anlass entsprechende Kleidung, gutes Schuhwerk, Handschuhe. Werkzeug steht zur Verf\u00fcgung.<\/s><\/p>\n","protected":false},"excerpt":{"rendered":"<p>Der Anlass am Samstag, 25. Januar 2025 ist ABGESAGT worden! Es gibt KEIN Ersatzdatum! Ein gestufter und strukturierter Waldrand bietet Lebensraum f\u00fcr eine vielf\u00e4ltige Tier- und Pflanzenwelt. Insekten, V\u00f6gel, Igel, Hasen, Rehe, etc. finden darin Nahrung und Unterschlupf. Unter Anleitung des Revierf\u00f6rsters pflanzen wir im Klein Ibig in Oberhasli Str\u00e4ucher und seltene B\u00e4ume. Je nach [&hellip;]<\/p>\n","protected":false},"author":3,"featured_media":1092,"comment_status":"closed","ping_status":"closed","sticky":false,"template":"","format":"standard","meta":{"_jetpack_memberships_contains_paid_content":false,"footnotes":""},"categories":[19],"tags":[],"class_list":["post-1091","post","type-post","status-publish","format-standard","has-post-thumbnail","hentry","category-19"],"jetpack_featured_media_url":"https:\/\/www.nvniederhasli.ch\/wp-content\/uploads\/2024\/11\/Picture-1.png","jetpack_sharing_enabled":true,"_links":{"self":[{"href":"https:\/\/www.nvniederhasli.ch\/index.php?rest_route=\/wp\/v2\/posts\/1091","targetHints":{"allow":["GET"]}}],"collection":[{"href":"https:\/\/www.nvniederhasli.ch\/index.php?rest_route=\/wp\/v2\/posts"}],"about":[{"href":"https:\/\/www.nvniederhasli.ch\/index.php?rest_route=\/wp\/v2\/types\/post"}],"author":[{"embeddable":true,"href":"https:\/\/www.nvniederhasli.ch\/index.php?rest_route=\/wp\/v2\/users\/3"}],"replies":[{"embeddable":true,"href":"https:\/\/www.nvniederhasli.ch\/index.php?rest_route=%2Fwp%2Fv2%2Fcomments&post=1091"}],"version-history":[{"count":4,"href":"https:\/\/www.nvniederhasli.ch\/index.php?rest_route=\/wp\/v2\/posts\/1091\/revisions"}],"predecessor-version":[{"id":1157,"href":"https:\/\/www.nvniederhasli.ch\/index.php?rest_route=\/wp\/v2\/posts\/1091\/revisions\/1157"}],"wp:featuredmedia":[{"embeddable":true,"href":"https:\/\/www.nvniederhasli.ch\/index.php?rest_route=\/wp\/v2\/media\/1092"}],"wp:attachment":[{"href":"https:\/\/www.nvniederhasli.ch\/index.php?rest_route=%2Fwp%2Fv2%2Fmedia&parent=1091"}],"wp:term":[{"taxonomy":"category","embeddable":true,"href":"https:\/\/www.nvniederhasli.ch\/index.php?rest_route=%2Fwp%2Fv2%2Fcategories&post=1091"},{"taxonomy":"post_tag","embeddable":true,"href":"https:\/\/www.nvniederhasli.ch\/index.php?rest_route=%2Fwp%2Fv2%2Ftags&post=1091"}],"curies":[{"name":"wp","href":"https:\/\/api.w.org\/{rel}","templated":true}]}}