{"id":56,"date":"2020-08-25T08:29:33","date_gmt":"2020-08-25T06:29:33","guid":{"rendered":"https:\/\/www.nvniederhasli.ch\/?p=56"},"modified":"2025-06-18T11:36:12","modified_gmt":"2025-06-18T09:36:12","slug":"mitglied-werden","status":"publish","type":"post","link":"https:\/\/www.nvniederhasli.ch\/?p=56","title":{"rendered":"Mitglied werden!"},"content":{"rendered":"<div class=\"wp-block-image\">\n<figure class=\"aligncenter size-large\"><img loading=\"lazy\" decoding=\"async\" width=\"580\" height=\"409\" src=\"https:\/\/www.nvniederhasli.ch\/wp-content\/uploads\/2020\/08\/Laubfrosch_GR1.jpg\" alt=\"\" class=\"wp-image-53\" srcset=\"https:\/\/www.nvniederhasli.ch\/wp-content\/uploads\/2020\/08\/Laubfrosch_GR1.jpg 580w, https:\/\/www.nvniederhasli.ch\/wp-content\/uploads\/2020\/08\/Laubfrosch_GR1-300x212.jpg 300w, https:\/\/www.nvniederhasli.ch\/wp-content\/uploads\/2020\/08\/Laubfrosch_GR1-1x1.jpg 1w\" sizes=\"auto, (max-width: 580px) 100vw, 580px\" \/><figcaption class=\"wp-element-caption\">Der Laubfrosch, der kleinste heimische Frosch, ist \u00fcberwiegend nachtaktiv.<br>Foto: NVN Mitglied G. R\u00fctimann<\/figcaption><\/figure>\n<\/div>\n\n\n<p><strong>Ja, ich will Mitglied werden!<\/strong><br><br>F\u00fcr Fr. 30.\u2013 pro Jahr sind Sie bei uns dabei und gleichzeitig auch bei unsern Dachverb\u00e4nden. So profitieren Sie von einem verg\u00fcnstigten Weiterbildungsangebot und einem guten Netzwerk.<br><br>F\u00fcr Fr. 50.\u2013 pro Jahr profitieren Sie als Familie bei all unseren Aktivit\u00e4ten.<br><br>F\u00fcr Fr. 20.\u2013 pro Jahr kannst Du als Jugendmitglied ( j\u00fcnger als 16 Jahre) mit der Jugendgruppe Aquila die Natur entdecken.<\/p>\n\n\n\n<p>Um Mitglied zu werden, k\u00f6nnen Sie sich direkt beim Vorstand melden (<a href=\"mailto:vorstand@nvniederhasli.ch\">Email an den Vorstand<\/a>), das Anmeldeformular herunterladen und einsenden, oder das untenstehende Onlineformular ausf\u00fcllen.<\/p>\n\n\n\n<div class=\"wp-block-file\"><a id=\"wp-block-file--media-feacd469-0db2-4162-bd9f-20043732db4e\" href=\"https:\/\/www.nvniederhasli.ch\/wp-content\/uploads\/2020\/08\/Beitrittsformular1.pdf\" target=\"_blank\" rel=\"noreferrer noopener\">Anmeldeformular (PDF, 67 Kb)<\/a><a href=\"https:\/\/www.nvniederhasli.ch\/wp-content\/uploads\/2020\/08\/Beitrittsformular1.pdf\" class=\"wp-block-file__button wp-element-button\" download aria-describedby=\"wp-block-file--media-feacd469-0db2-4162-bd9f-20043732db4e\">Herunterladen<\/a><\/div>\n\n\n<div class=\"wp-block-jetpack-contact-form is-layout-flex wp-container-jetpack-contact-form-is-layout-faa3ad1c wp-block-jetpack-contact-form-is-layout-flex\"><a href=\"https:\/\/www.nvniederhasli.ch\/?p=56\" target=\"_blank\" rel=\"noopener noreferrer\">Submit a form.<\/a><\/div>\n\n\n<p><strong>Unsere Dachverb\u00e4nde:<\/strong><\/p>\n\n\n\n<ul class=\"wp-block-list\">\n<li><a href=\"http:\/\/www.birdlife-zuerich.ch\/\">ZVS\/BirdLife Z\u00fcrich<\/a><\/li>\n\n\n\n<li><a href=\"http:\/\/www.birdlife.ch\/\" target=\"_blank\" rel=\"noreferrer noopener\">Schweizer Vogelschutz SVS\/BirdLife Schweiz<\/a><\/li>\n\n\n\n<li><a href=\"http:\/\/www.birdlife.org\/\" target=\"_blank\" rel=\"noreferrer noopener\">BirdLife International<\/a><\/li>\n<\/ul>\n","protected":false},"excerpt":{"rendered":"<p>Ja, ich will Mitglied werden! F\u00fcr Fr. 30.\u2013 pro Jahr sind Sie bei uns dabei und gleichzeitig auch bei unsern Dachverb\u00e4nden. So profitieren Sie von einem verg\u00fcnstigten Weiterbildungsangebot und einem guten Netzwerk. F\u00fcr Fr. 50.\u2013 pro Jahr profitieren Sie als Familie bei all unseren Aktivit\u00e4ten. F\u00fcr Fr. 20.\u2013 pro Jahr kannst Du als Jugendmitglied ( [&hellip;]<\/p>\n","protected":false},"author":3,"featured_media":0,"comment_status":"closed","ping_status":"closed","sticky":false,"template":"","format":"standard","meta":{"_jetpack_memberships_contains_paid_content":false,"footnotes":""},"categories":[3],"tags":[],"class_list":["post-56","post","type-post","status-publish","format-standard","hentry","category-wir_ueber_uns"],"jetpack_featured_media_url":"","jetpack_sharing_enabled":true,"_links":{"self":[{"href":"https:\/\/www.nvniederhasli.ch\/index.php?rest_route=\/wp\/v2\/posts\/56","targetHints":{"allow":["GET"]}}],"collection":[{"href":"https:\/\/www.nvniederhasli.ch\/index.php?rest_route=\/wp\/v2\/posts"}],"about":[{"href":"https:\/\/www.nvniederhasli.ch\/index.php?rest_route=\/wp\/v2\/types\/post"}],"author":[{"embeddable":true,"href":"https:\/\/www.nvniederhasli.ch\/index.php?rest_route=\/wp\/v2\/users\/3"}],"replies":[{"embeddable":true,"href":"https:\/\/www.nvniederhasli.ch\/index.php?rest_route=%2Fwp%2Fv2%2Fcomments&post=56"}],"version-history":[{"count":7,"href":"https:\/\/www.nvniederhasli.ch\/index.php?rest_route=\/wp\/v2\/posts\/56\/revisions"}],"predecessor-version":[{"id":1395,"href":"https:\/\/www.nvniederhasli.ch\/index.php?rest_route=\/wp\/v2\/posts\/56\/revisions\/1395"}],"wp:attachment":[{"href":"https:\/\/www.nvniederhasli.ch\/index.php?rest_route=%2Fwp%2Fv2%2Fmedia&parent=56"}],"wp:term":[{"taxonomy":"category","embeddable":true,"href":"https:\/\/www.nvniederhasli.ch\/index.php?rest_route=%2Fwp%2Fv2%2Fcategories&post=56"},{"taxonomy":"post_tag","embeddable":true,"href":"https:\/\/www.nvniederhasli.ch\/index.php?rest_route=%2Fwp%2Fv2%2Ftags&post=56"}],"curies":[{"name":"wp","href":"https:\/\/api.w.org\/{rel}","templated":true}]}}