

{"id":700,"date":"2024-01-08T09:00:35","date_gmt":"2024-01-08T08:00:35","guid":{"rendered":"https:\/\/www.nvniederhasli.ch\/?p=700"},"modified":"2024-11-26T20:07:05","modified_gmt":"2024-11-26T19:07:05","slug":"dachse-unsere-unbekannten-nachbarn","status":"publish","type":"post","link":"https:\/\/www.nvniederhasli.ch\/?p=700","title":{"rendered":"Dachse &#8211; unsere unbekannten Nachbarn"},"content":{"rendered":"\n<p>Gemeinsam mit den J\u00e4gern auf Spurensuche<\/p>\n\n\n\n<p>Begleiten Sie uns mit der ganzen Familie auf eine winterliche Pirsch. Mit den J\u00e4gern erkunden wir die Spuren des Dachs. Es mag nicht allen bekannt sein, aber das scheue Raubtier lebt ganz in unserer N\u00e4he. W\u00e4hrend der Exkursion lernen wir viel Wissenswertes \u00fcber den Dachs, wo er bevorzugt lebt, wie er seine Behausung baut oder wie er zu seiner Nahrung kommt.<\/p>\n\n\n\n<p>Was haben Dachs und Fuchs gemeinsam, worin unterscheiden sie sich? Auch auf diese Fragen werden wir kompetente Antworten bekommen.<\/p>\n\n\n\n<figure class=\"wp-block-image size-full\"><img loading=\"lazy\" decoding=\"async\" width=\"967\" height=\"725\" src=\"https:\/\/www.nvniederhasli.ch\/wp-content\/uploads\/2024\/01\/NVN-Dachse.jpg\" alt=\"\" class=\"wp-image-701\" srcset=\"https:\/\/www.nvniederhasli.ch\/wp-content\/uploads\/2024\/01\/NVN-Dachse.jpg 967w, https:\/\/www.nvniederhasli.ch\/wp-content\/uploads\/2024\/01\/NVN-Dachse-300x225.jpg 300w, https:\/\/www.nvniederhasli.ch\/wp-content\/uploads\/2024\/01\/NVN-Dachse-768x576.jpg 768w, https:\/\/www.nvniederhasli.ch\/wp-content\/uploads\/2024\/01\/NVN-Dachse-1x1.jpg 1w\" sizes=\"auto, (max-width: 967px) 100vw, 967px\" \/><figcaption class=\"wp-element-caption\">Foto: NV-Niederhasli<\/figcaption><\/figure>\n\n\n\n<p><em><strong>Wann&nbsp;&nbsp;&nbsp;&nbsp;&nbsp;&nbsp;&nbsp;&nbsp;&nbsp;&nbsp;&nbsp;&nbsp;&nbsp; <\/strong><\/em>Samstag, 20. Januar 2024, 15.00 \u2013 17.00 Uhr<\/p>\n\n\n\n<p><em><strong>Treffpunkt&nbsp;&nbsp;&nbsp;&nbsp;&nbsp;&nbsp; <\/strong><\/em>Feldmoos, Oberhasli (Z\u00fcriweg)<\/p>\n\n\n\n<p><em><strong>Leitung&nbsp;&nbsp;&nbsp;&nbsp;&nbsp;&nbsp;&nbsp;&nbsp;&nbsp;&nbsp;&nbsp; <\/strong><\/em>Jagdgesellschaft Niederhasli<\/p>\n\n\n\n<p><em><strong>Anmeldung&nbsp;&nbsp;&nbsp;&nbsp; <\/strong><\/em>bis Mittwoch, 17. Januar 2024 mit untenstehendem Formular<\/p>\n\n\n\n<p>Der Naturschutzverein Niederhasli freut sich auf Ihre Teilnahme. Nichtmitglieder bezahlen einen Unkostenbeitrag von Fr. 10.\u2013.<\/p>\n\n\n<div class=\"wp-block-jetpack-contact-form is-layout-flex wp-container-jetpack-contact-form-is-layout-026b38f8 wp-block-jetpack-contact-form-is-layout-flex\"><a href=\"https:\/\/www.nvniederhasli.ch\/?p=700\" target=\"_blank\" rel=\"noopener noreferrer\">Submit a form.<\/a><\/div>\n\n\n<p><strong>Treffpunkt:<\/strong><\/p>\n\n\n<link rel='stylesheet' id='osm-ol3-css-css' href='https:\/\/www.nvniederhasli.ch\/wp-content\/plugins\/osm\/js\/OL\/10.9.0\/ol.css?ver=6.9.4' media='all' \/>\n<link rel='stylesheet' id='osm-ol3-ext-css-css' href='https:\/\/www.nvniederhasli.ch\/wp-content\/plugins\/osm\/css\/osm_map_v3.css?ver=6.9.4' media='all' \/>\n<link rel='stylesheet' id='osm-map-css-css' href='https:\/\/www.nvniederhasli.ch\/wp-content\/plugins\/osm\/css\/osm_map.css?ver=6.9.4' media='all' \/>\n<script src=\"https:\/\/www.nvniederhasli.ch\/wp-includes\/js\/dist\/vendor\/wp-polyfill.min.js?ver=3.15.0\" id=\"wp-polyfill-js\"><\/script>\n<script src=\"https:\/\/www.nvniederhasli.ch\/wp-content\/plugins\/osm\/js\/OL\/10.9.0\/ol.js?ver=10.9.0\" id=\"osm-ol3-library-js\"><\/script>\n<script src=\"https:\/\/www.nvniederhasli.ch\/wp-content\/plugins\/osm\/js\/osm-v3-plugin-lib.js?ver=1.0.0\" id=\"osm-ol3-ext-library-js\"><\/script>\n<script src=\"https:\/\/www.nvniederhasli.ch\/wp-content\/plugins\/osm\/js\/osm-metabox-events.js?ver=1.0.0\" id=\"osm-ol3-metabox-events-js\"><\/script>\n<script src=\"https:\/\/www.nvniederhasli.ch\/wp-includes\/js\/jquery\/jquery.min.js?ver=3.7.1\" id=\"jquery-core-js\"><\/script>\n<script src=\"https:\/\/www.nvniederhasli.ch\/wp-includes\/js\/jquery\/jquery-migrate.min.js?ver=3.4.1\" id=\"jquery-migrate-js\"><\/script>\n<script id=\"osm-map-startup-js-extra\">\nvar translations = {\"openlayer\":\"open layer\",\"openlayerAtStartup\":\"open layer at startup\",\"generateLink\":\"link to this map with opened layers\",\"shortDescription\":\"short description\",\"generatedShortCode\":\"to get a text control link paste this code in your wordpress editor\",\"closeLayer\":\"close layer\",\"cantGenerateLink\":\"put this string in the existing map short code to control this map\"};\n\/\/# sourceURL=osm-map-startup-js-extra\n<\/script>\n<script src=\"https:\/\/www.nvniederhasli.ch\/wp-content\/plugins\/osm\/js\/osm-startup-lib.js?ver=V6.2.5\" id=\"osm-map-startup-js\"><\/script>\n\n        <div id=\"map_ol3js_1\"\n       class=\"osm-map-container undefined\"\n             data-map_name=\"undefined\"\n             data-map=\"map_ol3js_1\"\n             data-autoshow=\"no\"\n             style=\"width:95%;\n                    max-width:100%;\n                    height:450px;\n                    display:block;\n                    overflow:hidden;\n                    border:2px solid grey;\n                    position: relative;\">\n          <div id=\"map_ol3js_1_popup\" class=\"ol-popup\">\n            <a href=\"#\" id=\"map_ol3js_1_popup-closer\" class=\"ol-popup-closer\"><\/a>\n            <div id=\"map_ol3js_1_popup-content\"><\/div>\n          <\/div>\n        <\/div>\n    <script type=\"text\/javascript\">\n\t\t\t  vectorM['map_ol3js_1'] = [];\n\t        \n        var raster = getTileLayer(\"osm\",\"NoKey\");\t\t\t\n\n\t\t\t  var map_ol3js_1 = new ol.Map({\n\t\t\t\tinteractions: ol.interaction.defaults.defaults({mouseWheelZoom:false}),\n\t\t\t\tlayers: [raster],\n\t\t\t\ttarget: \"map_ol3js_1\",\n\t\t\t\tview: new ol.View({\n\t\t\t\t  center: ol.proj.transform([8.4965,47.4579], \"EPSG:4326\", \"EPSG:3857\"),\n\t\t\t\t  zoom: 17.0\n\t\t\t\t})\n\t\t\t  });\n\t\t\t  osm_addMarkerLayer(map_ol3js_1,8.4969,47.4574,\"https:\/\/www.nvniederhasli.ch\/wp-content\/plugins\/osm\/icons\/mic_blue_empty_01.png\",-16,-41,\"<p><\/p>\") ; \naddControls2Map(map_ol3js_1,0,0,3,0,5,6,7,0,1);\nosm_addPopupClickhandler(map_ol3js_1,  \"map_ol3js_1\"); \nosm_addMouseHover(map_ol3js_1); <\/script>\n","protected":false},"excerpt":{"rendered":"<p>Gemeinsam mit den J\u00e4gern auf Spurensuche Begleiten Sie uns mit der ganzen Familie auf eine winterliche Pirsch. Mit den J\u00e4gern erkunden wir die Spuren des Dachs. Es mag nicht allen bekannt sein, aber das scheue Raubtier lebt ganz in unserer N\u00e4he. W\u00e4hrend der Exkursion lernen wir viel Wissenswertes \u00fcber den Dachs, wo er bevorzugt lebt, [&hellip;]<\/p>\n","protected":false},"author":3,"featured_media":0,"comment_status":"closed","ping_status":"closed","sticky":false,"template":"","format":"standard","meta":{"_jetpack_memberships_contains_paid_content":false,"footnotes":""},"categories":[18],"tags":[],"class_list":["post-700","post","type-post","status-publish","format-standard","hentry","category-18"],"jetpack_featured_media_url":"","jetpack_sharing_enabled":true,"_links":{"self":[{"href":"https:\/\/www.nvniederhasli.ch\/index.php?rest_route=\/wp\/v2\/posts\/700","targetHints":{"allow":["GET"]}}],"collection":[{"href":"https:\/\/www.nvniederhasli.ch\/index.php?rest_route=\/wp\/v2\/posts"}],"about":[{"href":"https:\/\/www.nvniederhasli.ch\/index.php?rest_route=\/wp\/v2\/types\/post"}],"author":[{"embeddable":true,"href":"https:\/\/www.nvniederhasli.ch\/index.php?rest_route=\/wp\/v2\/users\/3"}],"replies":[{"embeddable":true,"href":"https:\/\/www.nvniederhasli.ch\/index.php?rest_route=%2Fwp%2Fv2%2Fcomments&post=700"}],"version-history":[{"count":5,"href":"https:\/\/www.nvniederhasli.ch\/index.php?rest_route=\/wp\/v2\/posts\/700\/revisions"}],"predecessor-version":[{"id":711,"href":"https:\/\/www.nvniederhasli.ch\/index.php?rest_route=\/wp\/v2\/posts\/700\/revisions\/711"}],"wp:attachment":[{"href":"https:\/\/www.nvniederhasli.ch\/index.php?rest_route=%2Fwp%2Fv2%2Fmedia&parent=700"}],"wp:term":[{"taxonomy":"category","embeddable":true,"href":"https:\/\/www.nvniederhasli.ch\/index.php?rest_route=%2Fwp%2Fv2%2Fcategories&post=700"},{"taxonomy":"post_tag","embeddable":true,"href":"https:\/\/www.nvniederhasli.ch\/index.php?rest_route=%2Fwp%2Fv2%2Ftags&post=700"}],"curies":[{"name":"wp","href":"https:\/\/api.w.org\/{rel}","templated":true}]}}